{"id":5493,"date":"2026-03-12T13:44:28","date_gmt":"2026-03-12T13:44:28","guid":{"rendered":"https:\/\/collegejeanperrin.blogs.laclasse.com\/?p=5493"},"modified":"2026-03-13T17:08:54","modified_gmt":"2026-03-13T17:08:54","slug":"bravo","status":"publish","type":"post","link":"https:\/\/collegejeanperrin.blogs.laclasse.com\/?p=5493","title":{"rendered":"Bravo!"},"content":{"rendered":"\n<p>Bravo aux 13 \u00e9l\u00e8ves de 3\u00e8me du Coll\u00e8ge Jean Perrin qui ont relev\u00e9 le challenge de la certification en allemand ! Les \u00e9preuves de compr\u00e9hension de l&rsquo;\u00e9crit, compr\u00e9hension de l&rsquo;oral et expression \u00e9crite ont eu lieu mardi 10 mars. La pr\u00e9sentation orale de leur expos\u00e9 aura lieu mardi 31 mars.<\/p>\n\n\n\n<p>Ce qui est vis\u00e9 est la validation du niveau A2 ou B1 du cadre europ\u00e9en des langues dans chacune des comp\u00e9tences linguistiques, une validation par les minist\u00e8res de l&rsquo;\u00e9ducation fran\u00e7ais et allemand, reconnue internationalement et \u00e0 vie. R\u00e9sultats en fin d&rsquo;ann\u00e9e scolaire&#8230;<\/p>\n\n\n\n<p>En attendant, courage pour la pr\u00e9paration de l&rsquo;oral !<\/p>\n\n\n\n<p><\/p>\n","protected":false},"excerpt":{"rendered":"<p>Bravo aux 13 \u00e9l\u00e8ves de 3\u00e8me du Coll\u00e8ge Jean Perrin qui ont relev\u00e9 le challenge de la certification en allemand ! Les \u00e9preuves de compr\u00e9hension de l&rsquo;\u00e9crit, compr\u00e9hension de l&rsquo;oral et expression \u00e9crite ont eu lieu mardi 10 mars. La pr\u00e9sentation orale de leur expos\u00e9 aura lieu mardi 31 mars.<\/p>\n","protected":false},"author":60779,"featured_media":0,"comment_status":"closed","ping_status":"closed","sticky":false,"template":"","format":"standard","meta":{"footnotes":""},"categories":[10],"tags":[36,29],"class_list":["post-5493","post","type-post","status-publish","format-standard","hentry","category-allemand","tag-bilangue","tag-euro","comments-off"],"_links":{"self":[{"href":"https:\/\/collegejeanperrin.blogs.laclasse.com\/index.php?rest_route=\/wp\/v2\/posts\/5493","targetHints":{"allow":["GET"]}}],"collection":[{"href":"https:\/\/collegejeanperrin.blogs.laclasse.com\/index.php?rest_route=\/wp\/v2\/posts"}],"about":[{"href":"https:\/\/collegejeanperrin.blogs.laclasse.com\/index.php?rest_route=\/wp\/v2\/types\/post"}],"author":[{"embeddable":true,"href":"https:\/\/collegejeanperrin.blogs.laclasse.com\/index.php?rest_route=\/wp\/v2\/users\/60779"}],"replies":[{"embeddable":true,"href":"https:\/\/collegejeanperrin.blogs.laclasse.com\/index.php?rest_route=%2Fwp%2Fv2%2Fcomments&post=5493"}],"version-history":[{"count":3,"href":"https:\/\/collegejeanperrin.blogs.laclasse.com\/index.php?rest_route=\/wp\/v2\/posts\/5493\/revisions"}],"predecessor-version":[{"id":5526,"href":"https:\/\/collegejeanperrin.blogs.laclasse.com\/index.php?rest_route=\/wp\/v2\/posts\/5493\/revisions\/5526"}],"wp:attachment":[{"href":"https:\/\/collegejeanperrin.blogs.laclasse.com\/index.php?rest_route=%2Fwp%2Fv2%2Fmedia&parent=5493"}],"wp:term":[{"taxonomy":"category","embeddable":true,"href":"https:\/\/collegejeanperrin.blogs.laclasse.com\/index.php?rest_route=%2Fwp%2Fv2%2Fcategories&post=5493"},{"taxonomy":"post_tag","embeddable":true,"href":"https:\/\/collegejeanperrin.blogs.laclasse.com\/index.php?rest_route=%2Fwp%2Fv2%2Ftags&post=5493"}],"curies":[{"name":"wp","href":"https:\/\/api.w.org\/{rel}","templated":true}]}}