{"id":5434,"date":"2026-03-13T11:22:05","date_gmt":"2026-03-13T11:22:05","guid":{"rendered":"https:\/\/collegejeanperrin.blogs.laclasse.com\/?p=5434"},"modified":"2026-03-14T18:28:41","modified_gmt":"2026-03-14T18:28:41","slug":"parcours-avenir-les-eleves-de-3eme-germanistes-decouvrent-les-diverses-possibilites-quoffrent-les-nombreux-partenariats-avec-lallemagne","status":"publish","type":"post","link":"https:\/\/collegejeanperrin.blogs.laclasse.com\/?p=5434","title":{"rendered":"Parcours avenir: les \u00e9l\u00e8ves germanistes de 3\u00e8me d\u00e9couvrent les diverses possibilit\u00e9s qu&rsquo;offrent les nombreux partenariats avec l&rsquo;Allemagne"},"content":{"rendered":"\n<p>Dans le cadre du \u00ab\u00a0parcours avenir\u00a0\u00bb et \u00e0 l&rsquo;occasion du 22 janvier, anniversaire du trait\u00e9 de l\u2019\u00c9lys\u00e9e qui a jet\u00e9 les bases de l&rsquo;amiti\u00e9 et de la coop\u00e9ration franco-allemande en 1963, Mme LIGER, professeure documentaliste du coll\u00e8ge, est intervenue aupr\u00e8s des \u00e9l\u00e8ves de 3\u00e8me euro allemand pour leur pr\u00e9senter les possibilit\u00e9s riches de mobilit\u00e9 qui s\u2019offrent \u00e0 eux apr\u00e8s le baccalaur\u00e9at. Les \u00e9l\u00e8ves ont ainsi pu d\u00e9couvrir diff\u00e9rents organismes, comme l\u2019OFAJ* (Office Franco-Allemand pour la Jeunesse) qui propose des services civiques et des volontariats dans des domaines vari\u00e9s, ainsi que l\u2019Universit\u00e9 franco-allemande, qui offre des cursus binationaux et trinationaux dans de nombreuses fili\u00e8res.<\/p>\n\n\n\n<p>Elle a t\u00e9moign\u00e9 de son parcours personnel et de sa propre exp\u00e9rience en ce domaine et a pu r\u00e9pondre \u00e0 des questions tr\u00e8s concr\u00e8tes des \u00e9l\u00e8ves.<\/p>\n\n\n\n<p>Cette intervention contribue \u00e0 encourager la mobilit\u00e9 des jeunes et \u00e0 faire vivre les partenariats franco-allemands aupr\u00e8s des \u00e9l\u00e8ves.<\/p>\n\n\n\n<p>Merci \u00e0 elle !<\/p>\n\n\n\n<p><em>* l&rsquo;OFAJ est d\u00e9j\u00e0 connu de nos \u00e9l\u00e8ves pour son soutien financier au projet d&rsquo;\u00e9change<\/em> avec <em>Francfort qui a lieu tous les ans en 4\u00e8me<\/em><\/p>\n\n\n\n<div class=\"wp-block-columns is-layout-flex wp-container-core-columns-is-layout-9d6595d7 wp-block-columns-is-layout-flex\">\n<div class=\"wp-block-column is-layout-flow wp-block-column-is-layout-flow\" style=\"flex-basis:100%\">\n<figure class=\"wp-block-image size-full is-resized\"><img loading=\"lazy\" decoding=\"async\" width=\"242\" height=\"148\" src=\"https:\/\/collegejeanperrin.blogs.laclasse.com\/wp-content\/uploads\/sites\/99\/2026\/03\/logo-OFAJ-2.jpg\" alt=\"\" class=\"wp-image-5513\" style=\"width:217px;height:auto\" \/><figcaption class=\"wp-element-caption\"><em><strong>l&rsquo;OFAJ a \u00e9t\u00e9 cr\u00e9\u00e9 en 1963<\/strong><\/em><\/figcaption><\/figure>\n\n\n\n<figure class=\"wp-block-image size-full is-resized\"><img loading=\"lazy\" decoding=\"async\" width=\"396\" height=\"127\" src=\"https:\/\/collegejeanperrin.blogs.laclasse.com\/wp-content\/uploads\/sites\/99\/2026\/03\/Logo-UFA-2.png\" alt=\"\" class=\"wp-image-5520\" style=\"aspect-ratio:3.118030697421682;width:258px;height:auto\" srcset=\"https:\/\/collegejeanperrin.blogs.laclasse.com\/wp-content\/uploads\/sites\/99\/2026\/03\/Logo-UFA-2.png 396w, https:\/\/collegejeanperrin.blogs.laclasse.com\/wp-content\/uploads\/sites\/99\/2026\/03\/Logo-UFA-2-300x96.png 300w\" sizes=\"auto, (max-width: 396px) 100vw, 396px\" \/><figcaption class=\"wp-element-caption\"><em><strong>l&rsquo;Universit\u00e9 franco-allemande a f\u00eat\u00e9 ses 25 ans en 2024!<\/strong><\/em><\/figcaption><\/figure>\n<\/div>\n<\/div>\n\n\n\n<div data-wp-context=\"{ &quot;autoclose&quot;: false, &quot;accordionItems&quot;: [] }\" data-wp-interactive=\"core\/accordion\" role=\"group\" class=\"wp-block-accordion is-layout-flow wp-block-accordion-is-layout-flow\">\n<div data-wp-class--is-open=\"state.isOpen\" data-wp-context=\"{ &quot;id&quot;: &quot;accordion-item-1&quot;, &quot;openByDefault&quot;: false }\" data-wp-init=\"callbacks.initAccordionItems\" data-wp-on-window--hashchange=\"callbacks.hashChange\" class=\"wp-block-accordion-item is-layout-flow wp-block-accordion-item-is-layout-flow\">\n<h3 class=\"wp-block-accordion-heading\"><button aria-expanded=\"false\" aria-controls=\"accordion-item-1-panel\" data-wp-bind--aria-expanded=\"state.isOpen\" data-wp-on--click=\"actions.toggle\" data-wp-on--keydown=\"actions.handleKeyDown\" id=\"accordion-item-1\" type=\"button\" class=\"wp-block-accordion-heading__toggle\"><span class=\"wp-block-accordion-heading__toggle-title\"><\/span><span class=\"wp-block-accordion-heading__toggle-icon\" aria-hidden=\"true\">+<\/span><\/button><\/h3>\n\n\n\n<div inert aria-labelledby=\"accordion-item-1\" data-wp-bind--inert=\"!state.isOpen\" id=\"accordion-item-1-panel\" role=\"region\" class=\"wp-block-accordion-panel is-layout-flow wp-block-accordion-panel-is-layout-flow\">\n<p><\/p>\n<\/div>\n<\/div>\n<\/div>\n\n\n\n<p><\/p>\n","protected":false},"excerpt":{"rendered":"<p>Dans le cadre du \u00ab\u00a0parcours avenir\u00a0\u00bb et \u00e0 l&rsquo;occasion du 22 janvier, anniversaire du trait\u00e9 de l\u2019\u00c9lys\u00e9e qui a jet\u00e9 les bases de l&rsquo;amiti\u00e9 et de la coop\u00e9ration franco-allemande en 1963, Mme LIGER, professeure documentaliste du coll\u00e8ge, est intervenue aupr\u00e8s des \u00e9l\u00e8ves de 3\u00e8me euro allemand pour leur pr\u00e9senter les<\/p>\n","protected":false},"author":60779,"featured_media":0,"comment_status":"closed","ping_status":"closed","sticky":false,"template":"","format":"standard","meta":{"footnotes":""},"categories":[10,3,32],"tags":[],"class_list":["post-5434","post","type-post","status-publish","format-standard","hentry","category-allemand","category-cdi","category-section-euro-allemand","comments-off"],"_links":{"self":[{"href":"https:\/\/collegejeanperrin.blogs.laclasse.com\/index.php?rest_route=\/wp\/v2\/posts\/5434","targetHints":{"allow":["GET"]}}],"collection":[{"href":"https:\/\/collegejeanperrin.blogs.laclasse.com\/index.php?rest_route=\/wp\/v2\/posts"}],"about":[{"href":"https:\/\/collegejeanperrin.blogs.laclasse.com\/index.php?rest_route=\/wp\/v2\/types\/post"}],"author":[{"embeddable":true,"href":"https:\/\/collegejeanperrin.blogs.laclasse.com\/index.php?rest_route=\/wp\/v2\/users\/60779"}],"replies":[{"embeddable":true,"href":"https:\/\/collegejeanperrin.blogs.laclasse.com\/index.php?rest_route=%2Fwp%2Fv2%2Fcomments&post=5434"}],"version-history":[{"count":5,"href":"https:\/\/collegejeanperrin.blogs.laclasse.com\/index.php?rest_route=\/wp\/v2\/posts\/5434\/revisions"}],"predecessor-version":[{"id":5530,"href":"https:\/\/collegejeanperrin.blogs.laclasse.com\/index.php?rest_route=\/wp\/v2\/posts\/5434\/revisions\/5530"}],"wp:attachment":[{"href":"https:\/\/collegejeanperrin.blogs.laclasse.com\/index.php?rest_route=%2Fwp%2Fv2%2Fmedia&parent=5434"}],"wp:term":[{"taxonomy":"category","embeddable":true,"href":"https:\/\/collegejeanperrin.blogs.laclasse.com\/index.php?rest_route=%2Fwp%2Fv2%2Fcategories&post=5434"},{"taxonomy":"post_tag","embeddable":true,"href":"https:\/\/collegejeanperrin.blogs.laclasse.com\/index.php?rest_route=%2Fwp%2Fv2%2Ftags&post=5434"}],"curies":[{"name":"wp","href":"https:\/\/api.w.org\/{rel}","templated":true}]}}