{"id":5327,"date":"2025-12-01T13:49:38","date_gmt":"2025-12-01T13:49:38","guid":{"rendered":"https:\/\/collegejeanperrin.blogs.laclasse.com\/?p=5327"},"modified":"2026-01-16T16:00:12","modified_gmt":"2026-01-16T16:00:12","slug":"visite-du-lycee-jehanne-de-france-pour-les-eleves-de-lulis-tsa","status":"publish","type":"post","link":"https:\/\/collegejeanperrin.blogs.laclasse.com\/?p=5327","title":{"rendered":"Visite du lyc\u00e9e Jehanne de France pour les \u00e9l\u00e8ves de l\u2019ULIS TSA"},"content":{"rendered":"\n<h3 class=\"wp-block-heading\"><\/h3>\n\n\n\n<p>Dans le cadre de notre travail sur l\u2019orientation, les \u00e9l\u00e8ves de 4e et 3e du dispositif ULIS TSA ont visit\u00e9 ce lundi 1er d\u00e9cembre le lyc\u00e9e professionnel Jehanne de France. Cette sortie s\u2019inscrit dans la r\u00e9flexion men\u00e9e autour des poursuites d\u2019\u00e9tudes apr\u00e8s la 3e, notamment pour les \u00e9l\u00e8ves susceptibles de s\u2019orienter vers un CAP PSR (Production et Service en Restauration). Cette immersion leur a permis de d\u00e9couvrir plus concr\u00e8tement la fili\u00e8re et de mieux comprendre les attentes du lyc\u00e9e professionnel.<\/p>\n\n\n\n<p>Organis\u00e9e avec  la coordonnatrice du dispositif ULIS, la visite s\u2019est d\u00e9roul\u00e9e sur une demi-journ\u00e9e.<\/p>\n\n\n\n<p>D\u00e9roulement de la matin\u00e9e :<\/p>\n\n\n\n<ul class=\"wp-block-list\">\n<li>9h30 : arriv\u00e9e au lyc\u00e9e<\/li>\n\n\n\n<li>Visite compl\u00e8te de l\u2019\u00e9tablissement<\/li>\n\n\n\n<li>\u00c9changes avec les \u00e9l\u00e8ves du CAP PSR en 1\u00e8re et 2e ann\u00e9e <\/li>\n\n\n\n<li>11h15 : d\u00e9jeuner avec la brigade du restaurant p\u00e9dagogique<\/li>\n\n\n\n<li>12h00 : d\u00e9part du lyc\u00e9e<\/li>\n<\/ul>\n\n\n\n<p>Cette premi\u00e8re d\u00e9couverte a \u00e9t\u00e9 enrichissante pour les \u00e9l\u00e8ves qui ont pu se repr\u00e9senter les espaces de travail, les \u00e9quipements professionnels et l\u2019organisation d\u2019une formation en restauration. Elle leur a \u00e9galement permis de gagner en confiance et de mieux cerner les comp\u00e9tences attendues dans le m\u00e9tier.<\/p>\n\n\n\n<p>Les \u00e9l\u00e8ves poursuivront leurs stages au cours de l\u2019ann\u00e9e, ce qui leur permettra de continuer \u00e0 d\u00e9velopper leurs rep\u00e8res professionnels et d\u2019\u00eatre plus \u00e0 l\u2019aise dans leurs choix d\u2019orientation. Un grand merci \u00e0 Madame St\u00e9phanie SUBTIL et \u00e0 toute l\u2019\u00e9quipe du lyc\u00e9e Jehanne de France pour leur accueil chaleureux, leur disponibilit\u00e9 et la qualit\u00e9 des \u00e9changes.<\/p>\n\n\n\n<figure class=\"wp-block-image size-full\"><img loading=\"lazy\" decoding=\"async\" width=\"667\" height=\"399\" src=\"https:\/\/collegejeanperrin.blogs.laclasse.com\/wp-content\/uploads\/sites\/99\/2025\/12\/image.png\" alt=\"\" class=\"wp-image-5328\" srcset=\"https:\/\/collegejeanperrin.blogs.laclasse.com\/wp-content\/uploads\/sites\/99\/2025\/12\/image.png 667w, https:\/\/collegejeanperrin.blogs.laclasse.com\/wp-content\/uploads\/sites\/99\/2025\/12\/image-300x179.png 300w\" sizes=\"auto, (max-width: 667px) 100vw, 667px\" \/><\/figure>\n\n\n\n<figure class=\"wp-block-image size-full\"><img loading=\"lazy\" decoding=\"async\" width=\"764\" height=\"429\" src=\"https:\/\/collegejeanperrin.blogs.laclasse.com\/wp-content\/uploads\/sites\/99\/2025\/12\/image-1.png\" alt=\"\" class=\"wp-image-5329\" srcset=\"https:\/\/collegejeanperrin.blogs.laclasse.com\/wp-content\/uploads\/sites\/99\/2025\/12\/image-1.png 764w, https:\/\/collegejeanperrin.blogs.laclasse.com\/wp-content\/uploads\/sites\/99\/2025\/12\/image-1-300x168.png 300w\" sizes=\"auto, (max-width: 764px) 100vw, 764px\" \/><\/figure>\n\n\n\n<figure class=\"wp-block-image size-full\"><img loading=\"lazy\" decoding=\"async\" width=\"677\" height=\"420\" src=\"https:\/\/collegejeanperrin.blogs.laclasse.com\/wp-content\/uploads\/sites\/99\/2025\/12\/image-2.png\" alt=\"\" class=\"wp-image-5330\" srcset=\"https:\/\/collegejeanperrin.blogs.laclasse.com\/wp-content\/uploads\/sites\/99\/2025\/12\/image-2.png 677w, https:\/\/collegejeanperrin.blogs.laclasse.com\/wp-content\/uploads\/sites\/99\/2025\/12\/image-2-300x186.png 300w\" sizes=\"auto, (max-width: 677px) 100vw, 677px\" \/><\/figure>\n\n\n\n<figure class=\"wp-block-image size-full\"><img loading=\"lazy\" decoding=\"async\" width=\"733\" height=\"420\" src=\"https:\/\/collegejeanperrin.blogs.laclasse.com\/wp-content\/uploads\/sites\/99\/2025\/12\/image-3.png\" alt=\"\" class=\"wp-image-5331\" srcset=\"https:\/\/collegejeanperrin.blogs.laclasse.com\/wp-content\/uploads\/sites\/99\/2025\/12\/image-3.png 733w, https:\/\/collegejeanperrin.blogs.laclasse.com\/wp-content\/uploads\/sites\/99\/2025\/12\/image-3-300x172.png 300w\" sizes=\"auto, (max-width: 733px) 100vw, 733px\" \/><\/figure>\n","protected":false},"excerpt":{"rendered":"<p>Dans le cadre de notre travail sur l\u2019orientation, les \u00e9l\u00e8ves de 4e et 3e du dispositif ULIS TSA ont visit\u00e9 ce lundi 1er d\u00e9cembre le lyc\u00e9e professionnel Jehanne de France. Cette sortie s\u2019inscrit dans la r\u00e9flexion men\u00e9e autour des poursuites d\u2019\u00e9tudes apr\u00e8s la 3e, notamment pour les \u00e9l\u00e8ves susceptibles de<\/p>\n","protected":false},"author":182454,"featured_media":0,"comment_status":"closed","ping_status":"closed","sticky":false,"template":"","format":"standard","meta":{"footnotes":""},"categories":[22],"tags":[],"class_list":["post-5327","post","type-post","status-publish","format-standard","hentry","category-ulis-tsa","comments-off"],"_links":{"self":[{"href":"https:\/\/collegejeanperrin.blogs.laclasse.com\/index.php?rest_route=\/wp\/v2\/posts\/5327","targetHints":{"allow":["GET"]}}],"collection":[{"href":"https:\/\/collegejeanperrin.blogs.laclasse.com\/index.php?rest_route=\/wp\/v2\/posts"}],"about":[{"href":"https:\/\/collegejeanperrin.blogs.laclasse.com\/index.php?rest_route=\/wp\/v2\/types\/post"}],"author":[{"embeddable":true,"href":"https:\/\/collegejeanperrin.blogs.laclasse.com\/index.php?rest_route=\/wp\/v2\/users\/182454"}],"replies":[{"embeddable":true,"href":"https:\/\/collegejeanperrin.blogs.laclasse.com\/index.php?rest_route=%2Fwp%2Fv2%2Fcomments&post=5327"}],"version-history":[{"count":1,"href":"https:\/\/collegejeanperrin.blogs.laclasse.com\/index.php?rest_route=\/wp\/v2\/posts\/5327\/revisions"}],"predecessor-version":[{"id":5332,"href":"https:\/\/collegejeanperrin.blogs.laclasse.com\/index.php?rest_route=\/wp\/v2\/posts\/5327\/revisions\/5332"}],"wp:attachment":[{"href":"https:\/\/collegejeanperrin.blogs.laclasse.com\/index.php?rest_route=%2Fwp%2Fv2%2Fmedia&parent=5327"}],"wp:term":[{"taxonomy":"category","embeddable":true,"href":"https:\/\/collegejeanperrin.blogs.laclasse.com\/index.php?rest_route=%2Fwp%2Fv2%2Fcategories&post=5327"},{"taxonomy":"post_tag","embeddable":true,"href":"https:\/\/collegejeanperrin.blogs.laclasse.com\/index.php?rest_route=%2Fwp%2Fv2%2Ftags&post=5327"}],"curies":[{"name":"wp","href":"https:\/\/api.w.org\/{rel}","templated":true}]}}