{"id":3733,"date":"2024-02-04T15:18:18","date_gmt":"2024-02-04T15:18:18","guid":{"rendered":"https:\/\/collegejeanperrin.blogs.laclasse.com\/?p=3733"},"modified":"2024-02-07T08:36:56","modified_gmt":"2024-02-07T08:36:56","slug":"exposition-de-la-maquette-de-la-ville-eco-durable-de-demain-et-presentation-des-livres-du-concours-graines-deco-lectures-au-cdi","status":"publish","type":"post","link":"https:\/\/collegejeanperrin.blogs.laclasse.com\/?p=3733","title":{"rendered":"Exposition de la maquette de la ville \u00e9co-durable de demain et pr\u00e9sentation des livres du concours \u00ab\u00a0graines d&rsquo;\u00e9co lectures\u00a0\u00bb au CDI"},"content":{"rendered":"\n<p><\/p>\n\n\n\n<figure class=\"wp-block-image size-large\"><img loading=\"lazy\" decoding=\"async\" width=\"1024\" height=\"766\" src=\"https:\/\/collegejeanperrin.blogs.laclasse.com\/wp-content\/uploads\/sites\/99\/2024\/02\/maquette-expo-CDI-1024x766.jpg\" alt=\"\" class=\"wp-image-3734\" srcset=\"https:\/\/collegejeanperrin.blogs.laclasse.com\/wp-content\/uploads\/sites\/99\/2024\/02\/maquette-expo-CDI-1024x766.jpg 1024w, https:\/\/collegejeanperrin.blogs.laclasse.com\/wp-content\/uploads\/sites\/99\/2024\/02\/maquette-expo-CDI-300x225.jpg 300w, https:\/\/collegejeanperrin.blogs.laclasse.com\/wp-content\/uploads\/sites\/99\/2024\/02\/maquette-expo-CDI-768x575.jpg 768w, https:\/\/collegejeanperrin.blogs.laclasse.com\/wp-content\/uploads\/sites\/99\/2024\/02\/maquette-expo-CDI-600x450.jpg 600w, https:\/\/collegejeanperrin.blogs.laclasse.com\/wp-content\/uploads\/sites\/99\/2024\/02\/maquette-expo-CDI.jpg 1125w\" sizes=\"auto, (max-width: 1024px) 100vw, 1024px\" \/><\/figure>\n\n\n\n<p>Au CDI, la maquette r\u00e9alis\u00e9e l&rsquo;an dernier par les \u00e9l\u00e8ves de la quatri\u00e8me euro allemand et leurs correspondants de Francfort est expos\u00e9e depuis 2 semaines. Elle repr\u00e9sente la ville id\u00e9ale imagin\u00e9e par les \u00e9l\u00e8ves suite \u00e0 leurs visites des quartiers \u00e9co-durables de Francfort et de Lyon. Chaque bin\u00f4me franco-allemand avait \u00e0 imaginer un b\u00e2timent, un mode de locomotion et une source d&rsquo;\u00e9nergie de la ville : Cette maquette a \u00e9t\u00e9 r\u00e9alis\u00e9e \u00e0 partir de d\u00e9chets afin de sensibiliser \u00e9galement les \u00e9l\u00e8ves aux diff\u00e9rents type de d\u00e9chets.<\/p>\n\n\n\n<figure class=\"wp-block-image size-large\"><img loading=\"lazy\" decoding=\"async\" width=\"1024\" height=\"766\" src=\"https:\/\/collegejeanperrin.blogs.laclasse.com\/wp-content\/uploads\/sites\/99\/2024\/02\/prsesentation-des-livres-CDI-1024x766.jpg\" alt=\"\" class=\"wp-image-3735\" srcset=\"https:\/\/collegejeanperrin.blogs.laclasse.com\/wp-content\/uploads\/sites\/99\/2024\/02\/prsesentation-des-livres-CDI-1024x766.jpg 1024w, https:\/\/collegejeanperrin.blogs.laclasse.com\/wp-content\/uploads\/sites\/99\/2024\/02\/prsesentation-des-livres-CDI-300x225.jpg 300w, https:\/\/collegejeanperrin.blogs.laclasse.com\/wp-content\/uploads\/sites\/99\/2024\/02\/prsesentation-des-livres-CDI-768x575.jpg 768w, https:\/\/collegejeanperrin.blogs.laclasse.com\/wp-content\/uploads\/sites\/99\/2024\/02\/prsesentation-des-livres-CDI-600x450.jpg 600w, https:\/\/collegejeanperrin.blogs.laclasse.com\/wp-content\/uploads\/sites\/99\/2024\/02\/prsesentation-des-livres-CDI.jpg 1125w\" sizes=\"auto, (max-width: 1024px) 100vw, 1024px\" \/><\/figure>\n\n\n\n<p>Dans le cadre du concours graines d&rsquo;\u00e9co lectures organis\u00e9 par la maison de l&rsquo;environnement, notre documentaliste a pr\u00e9sent\u00e9 les livres de cette \u00e9dition et des \u00e9ditions pr\u00e9c\u00e9dentes aux \u00e9l\u00e8ves de la section euro quatri\u00e8mes afin qu&rsquo;ils lisent puis pr\u00e9sentent chacun un ouvrage aux autres \u00e9l\u00e8ves du coll\u00e8ge.<\/p>\n","protected":false},"excerpt":{"rendered":"<p>Au CDI, la maquette r\u00e9alis\u00e9e l&rsquo;an dernier par les \u00e9l\u00e8ves de la quatri\u00e8me euro allemand et leurs correspondants de Francfort est expos\u00e9e depuis 2 semaines. Elle repr\u00e9sente la ville id\u00e9ale imagin\u00e9e par les \u00e9l\u00e8ves suite \u00e0 leurs visites des quartiers \u00e9co-durables de Francfort et de Lyon. Chaque bin\u00f4me franco-allemand avait<\/p>\n","protected":false},"author":103387,"featured_media":0,"comment_status":"closed","ping_status":"closed","sticky":false,"template":"","format":"standard","meta":{"footnotes":""},"categories":[3,35,32,16],"tags":[],"class_list":["post-3733","post","type-post","status-publish","format-standard","hentry","category-cdi","category-developpement-durable","category-section-euro-allemand","category-svt","comments-off"],"_links":{"self":[{"href":"https:\/\/collegejeanperrin.blogs.laclasse.com\/index.php?rest_route=\/wp\/v2\/posts\/3733","targetHints":{"allow":["GET"]}}],"collection":[{"href":"https:\/\/collegejeanperrin.blogs.laclasse.com\/index.php?rest_route=\/wp\/v2\/posts"}],"about":[{"href":"https:\/\/collegejeanperrin.blogs.laclasse.com\/index.php?rest_route=\/wp\/v2\/types\/post"}],"author":[{"embeddable":true,"href":"https:\/\/collegejeanperrin.blogs.laclasse.com\/index.php?rest_route=\/wp\/v2\/users\/103387"}],"replies":[{"embeddable":true,"href":"https:\/\/collegejeanperrin.blogs.laclasse.com\/index.php?rest_route=%2Fwp%2Fv2%2Fcomments&post=3733"}],"version-history":[{"count":2,"href":"https:\/\/collegejeanperrin.blogs.laclasse.com\/index.php?rest_route=\/wp\/v2\/posts\/3733\/revisions"}],"predecessor-version":[{"id":3747,"href":"https:\/\/collegejeanperrin.blogs.laclasse.com\/index.php?rest_route=\/wp\/v2\/posts\/3733\/revisions\/3747"}],"wp:attachment":[{"href":"https:\/\/collegejeanperrin.blogs.laclasse.com\/index.php?rest_route=%2Fwp%2Fv2%2Fmedia&parent=3733"}],"wp:term":[{"taxonomy":"category","embeddable":true,"href":"https:\/\/collegejeanperrin.blogs.laclasse.com\/index.php?rest_route=%2Fwp%2Fv2%2Fcategories&post=3733"},{"taxonomy":"post_tag","embeddable":true,"href":"https:\/\/collegejeanperrin.blogs.laclasse.com\/index.php?rest_route=%2Fwp%2Fv2%2Ftags&post=3733"}],"curies":[{"name":"wp","href":"https:\/\/api.w.org\/{rel}","templated":true}]}}