{"id":1288,"date":"2024-04-08T12:00:00","date_gmt":"2024-04-08T12:00:00","guid":{"rendered":"https:\/\/collegejeanperrin.blogs.laclasse.com\/?p=1288"},"modified":"2024-04-17T08:49:35","modified_gmt":"2024-04-17T08:49:35","slug":"faire-le-choix-de-la-classe-6eme-bilangue-anglais-allemand","status":"publish","type":"post","link":"https:\/\/collegejeanperrin.blogs.laclasse.com\/?p=1288","title":{"rendered":"Faire le choix de la classe 6\u00e8me bilangue anglais-allemand \u00e0 la rentr\u00e9e 2024"},"content":{"rendered":"\n<p><strong>Aux parents d&rsquo;\u00e9l\u00e8ves de CM2, futurs \u00e9l\u00e8ves de 6<sup>\u00e8me<\/sup><\/strong><\/p>\n\n\n<div class=\"wp-block-image\">\n<figure class=\"alignleft size-full\"><img loading=\"lazy\" decoding=\"async\" width=\"170\" height=\"170\" src=\"https:\/\/collegejeanperrin.blogs.laclasse.com\/wp-content\/uploads\/sites\/99\/2022\/02\/allemand-anglais.jpg\" alt=\"\" class=\"wp-image-1365\" srcset=\"https:\/\/collegejeanperrin.blogs.laclasse.com\/wp-content\/uploads\/sites\/99\/2022\/02\/allemand-anglais.jpg 170w, https:\/\/collegejeanperrin.blogs.laclasse.com\/wp-content\/uploads\/sites\/99\/2022\/02\/allemand-anglais-150x150.jpg 150w\" sizes=\"auto, (max-width: 170px) 100vw, 170px\" \/><\/figure>\n<\/div>\n\n\n<p>A la fin de l\u2019ann\u00e9e scolaire, vous et votre enfant pourrez choisir une 2<sup>\u00e8me<\/sup> langue vivante d\u00e8s l\u2019entr\u00e9e en sixi\u00e8me au Coll\u00e8ge Jean Perrin <span class=\"tadv-color\">en optant pour la 6<sup>\u00e8me<\/sup> bilangue anglais-allemand<\/span>, <strong>quelle que soit la langue d\u00e9couverte \u00e0 l\u2019\u00e9cole \u00e9l\u00e9mentaire<\/strong>.<\/p>\n<p>C&rsquo;est une chance et un enrichissement pour les jeunes qui pourront d\u00e9couvrir d\u00e8s l\u2019ann\u00e9e prochaine une autre culture et qui apprendront \u00e0 communiquer dans une autre langue. S&rsquo;il est indispensable de parler anglais, la ma\u00eetrise d\u2019au moins deux langues \u00e9trang\u00e8res est une n\u00e9cessit\u00e9 dans le parcours des \u00e9l\u00e8ves. <strong>Et parler allemand aujourd&rsquo;hui reste plus que jamais un atout majeur.<\/strong> C&rsquo;est pourquoi nous vous proposons de vous la pr\u00e9senter.<\/p>\n\n\n\n<!--more-->\n\n\n\n<h4 style=\"text-align: center\"><span style=\"color: #ff0000\"><strong><span class=\"tadv-color\">1. L \u2018ALLEMAND N&rsquo; EST PAS UNE LANGUE PLUS DIFFICILE QU&rsquo;UNE AUTRE<\/span><\/strong><\/span><\/h4>\n<p style=\"text-align: center\">L&rsquo;allemand est une langue accessible \u00e0 tous.<\/p>\n<ul>\n<li>C\u2019est une langue dont les r\u00e8gles sont<span style=\"color: #ff0000\"> claires<\/span> et <span style=\"color: #ff0000\">rigoureuses<\/span> et comportent peu d\u2019exceptions. C\u2019est, pour cette raison, une langue dont l\u2019apprentissage et la pratique sont <span style=\"color: #ff0000\">rassurants<\/span> pour l\u2019\u00e9l\u00e8ve d\u00e9butant.<\/li>\n<li>C\u2019est une langue dont le lexique est<span style=\"color: #ff0000\"> facile \u00e0 enrichir et \u00e0 retenir <\/span>car la r\u00e8gle qui pr\u00e9domine est celle de la composition des mots: on prend un mot et un autre pour en composer un troisi\u00e8me par simple assemblage, les mots nouveaux font ainsi de plus en plus appel \u00e0 des mots d\u00e9j\u00e0 appris. Sans compter les mots<span style=\"color: #ff0000\"> faciles \u00e0 comprendre<\/span> du fait de leur \u00abtransparence\u00bb (eine Orange, ein Telefon, eine Gitarre, \u2026)!<\/li>\n<li>C\u2019est une langue<span style=\"color: #ff0000\"> facile \u00e0 articuler<\/span>: toutes les lettres se prononcent et les sons se prononcent toujours de la m\u00eame fa\u00e7on, contrairement \u00e0 l\u2019anglais, beaucoup plus difficile \u00e0 cet \u00e9gard.<\/li>\n<li>C\u2019est une langue qui <span style=\"color: #ff0000\">s\u2019apparente<\/span> <span style=\"color: #ff0000\">au latin<\/span> (pr\u00e9sence de cas, racine latine de certains mots).<\/li>\n<li>Un autre avantage de l\u2019allemand : il ne fait pas concurrence \u00e0 l\u2019anglais, bien au contraire, car par certaines de ses structures comme par son vocabulaire, l\u2019allemand se rapproche de l&rsquo;anglais et conforte son apprentissage.<\/li>\n<\/ul>\n\n\n\n<p><\/p>\n\n\n\n<p class=\"has-text-align-center\"><strong><span style=\"color:#fcb900\" class=\"tadv-color\">T\u00e9moignages d&rsquo;\u00e9l\u00e8ves<\/span> :<\/strong>    <a href=\"https:\/\/www.goethe.de\/ins\/fr\/fr\/spr\/wdl\/tes.html\" target=\"_blank\" rel=\"noreferrer noopener\">https:\/\/www.goethe.de\/ins\/fr\/fr\/spr\/wdl\/tes.html<\/a><\/p>\n\n\n\n<p class=\"has-text-align-center\"><span style=\"color:#fcb900\" class=\"tadv-color\"><strong>Tu souhaites d\u00e9couvrir l&rsquo;allemand? T&rsquo;informer? Suis Nick et Lisa!<\/strong><\/span>   <a rel=\"noreferrer noopener\" href=\"https:\/\/view.genial.ly\/5eb42fb27a63a60d7e714171\" target=\"_blank\">https:\/\/view.genial.ly\/5eb42fb27a63a60d7e714171<\/a><\/p>\n\n\n\n<p><\/p>\n\n\n\n<h4 style=\"text-align: center\"><span style=\"color: #ff0000\"><strong><span class=\"tadv-color\">2. L\u2019ALLEMAND EST UNE LANGUE D\u2019\u00c9CHANGE<\/span><\/strong><\/span><\/h4>\n<p><span style=\"color: #ff0000\"><span class=\"tadv-color\">Pr\u00e8s de 130 millions<\/span> <span class=\"tadv-color\">de personnes<\/span><\/span> parlent l\u2019allemand en Europe comme langue maternelle ou seconde langue r\u00e9guli\u00e8rement utilis\u00e9e. On la parle en Allemagne, mais aussi en Autriche, Suisse, Luxembourg, Belgique, Liechtenstein et Tyrol du Sud (Italie).<\/p>\n<p><span class=\"tadv-color\" style=\"color: #ff0000\">22&nbsp;% des \u00e9l\u00e8ves<\/span> apprennent l\u2019allemand comme langue \u00e9trang\u00e8re en Union europ\u00e9enne.<\/p>\n<p><span class=\"tadv-color\" style=\"color: #ff0000\">Environ&nbsp; 200&nbsp;000 jeunes<\/span> participent chaque ann\u00e9e aux programmes d\u2019\u00e9change de l\u2019Office <span class=\"tadv-color\">franco-allemand<\/span> <span class=\"tadv-color\">pour la Jeunesse <\/span><span class=\"tadv-color\">(<strong><span style=\"color: #ffcc00\">OFAJ<\/span><\/strong>)<\/span> <span class=\"tadv-color\"> &nbsp;&nbsp; <a href=\"https:\/\/www.ac-lyon.fr\/avec-l-allemagne-mobilites-individuelles-ofaj-121868\">https:\/\/www.ac-lyon.fr\/avec-l-allemagne-mobilites-individuelles-ofaj-121868<\/a><\/span><\/p>\n<p><span class=\"tadv-color\" style=\"color: #ff0000\">Pr\u00e8s de 2&nbsp;800 coop\u00e9rations<\/span> existent&nbsp;entre certaines universit\u00e9s et grandes \u00e9coles fran\u00e7aises et allemandes, qui permettent de mieux conna\u00eetre le pays partenaire. Et <span class=\"tadv-color\" style=\"color: #ff0000\">186 doubles dipl\u00f4mes<\/span> permettent en outre d\u2019obtenir un dipl\u00f4me franco-allemand de l\u2019enseignement sup\u00e9rieur.<\/p>\n\n\n\n<h4 style=\"text-align: center\"><span style=\"color: #ff0000\"><strong><span class=\"tadv-color\">3. L\u2019ALLEMAND EST UNE LANGUE DE CULTURE<\/span><\/strong><\/span><\/h4>\n<p>Que serait <span class=\"tadv-color\" style=\"color: #ff0000\">la musique<\/span> sans J.S. Bach, Haydn, Mozart, Beethoven, Wagner, Strauss, Berg, Sch\u00f6nberg ? Que serait-elle sans <span class=\"tadv-color\">les Lieder<\/span> (un mot allemand !) de Schubert, Schumann et Mahler&nbsp;?<\/p>\n<p>Et <span style=\"color: #ff0000\"><span class=\"tadv-color\">la litt\u00e9rature, la philosophie<\/span><span class=\"tadv-color\">, les sciences<\/span><\/span> humaines et physiques sans Goethe, Thomas Mann, Kafka, Brecht, Hegel, Marx, Nietzsche, Max Weber, Hannah Arendt, Freud, sans Max Planck, Einstein, &#8230;&nbsp;?<\/p>\n<p><span style=\"color: #ff0000\"><span class=\"tadv-color\">L\u2019architecture<\/span><\/span> (Gropius, le Bauhaus),<span class=\"tadv-color\" style=\"color: #ff0000\"> la peinture<\/span> (de D\u00fcrer \u00e0 l\u2019abstraction en passant par l\u2019expressionnisme), <span style=\"color: #ff0000\"><span class=\"tadv-color\">la danse<\/span><\/span> (Pina Bausch, \u2026 ), <span class=\"tadv-color\" style=\"color: #ff0000\">le cin\u00e9ma<\/span> (Murnau, Fritz Lang, Fassbinder, Wim Wenders, \u2026. les films \u00ab Good Bye, Lenin!\u00bb, \u00abLa vie des autres\u00bb, \u00ab&nbsp;Le labyrinthe du silence&nbsp;\u00bb, \u00ab&nbsp;La le\u00e7on d\u2019allemand&nbsp;\u00bb \u2026 et le Festival du Film de Berlin)! <span style=\"color: #ff0000\"><span class=\"tadv-color\">Le sport <\/span><\/span>: le Bayern de Munich, la \u00ab&nbsp;Mannschaft&nbsp;\u00bb, \u2026<\/p>\n<p><span style=\"color: #ff0000\"><span class=\"tadv-color\">La culture historique et politique<\/span><\/span> qui lie la France et l\u2019Allemagne est elle aussi d\u2019une importance majeure: c\u2019est du rapprochement franco-allemand d\u2019apr\u00e8s-guerre qu\u2019est n\u00e9e l\u2019Europe d\u2019aujourd\u2019hui et qu&rsquo;elle continue \u00e0 se construire. Le r\u00f4le central du couple franco-allemand en Europe nous impose de mieux nous conna\u00eetre et donc de nous int\u00e9resser \u00e0 la culture du voisin.<\/p>\n\n\n\n<h4 style=\"text-align: center\"><span style=\"color: #ff0000\"><strong><span class=\"tadv-color\">4. L&rsquo;ALLEMAND EST AUSSI UNE LANGUE \u00abUTILE\u00bb<\/span><\/strong><\/span><\/h4>\n<h5 style=\"text-align: center\">SUPERFLU, L\u2019ALLEMAND, A L\u2019HEURE OU \u00abTOUT LE MONDE PARLE ANGLAIS\u00bb?<\/h5>\n<p>L\u2019Allemagne est le premier partenaire \u00e9conomique de la France et inversement. L\u2019allemand est donc une cl\u00e9 d\u00e9cisive sur le march\u00e9 du travail europ\u00e9en. A l\u2019embauche, l\u2019allemand fait la diff\u00e9rence. <span class=\"tadv-color\" style=\"color: #ff0000\">Le besoin de candidats sachant parler le fran\u00e7ais et l\u2019allemand<\/span>, en France comme en Allemagne, est une r\u00e9alit\u00e9. Le march\u00e9 du travail en Allemagne continue \u00e0 offrir, compte tenu de l&rsquo;\u00e9volution d\u00e9mographique du pays, d&rsquo;int\u00e9ressantes opportunit\u00e9s pour les germanistes.<\/p>\n<p>Du fait de l&rsquo;importance des relations \u00e9conomiques entre nos deux pays, la connaissance de l&rsquo;allemand est donc <span class=\"tadv-color\"><span style=\"color: #ff0000\">un atout majeur pour l\u2019avenir des jeunes<\/span>.<\/span><\/p>\n\n\n\n<p class=\"has-text-align-center\"><strong><span style=\"color:#fcb900\" class=\"tadv-color\">Site de la Chambre Franco-Allemande de Commerce et d\u2019Industrie&nbsp;<\/span><\/strong>:    <a href=\"https:\/\/www.francoallemand.com\/fr\">https:\/\/www.francoallemand.com\/fr<\/a><\/p>\n\n\n\n<h4 style=\"text-align: center\"><span style=\"color: #ff0000\"><strong><span class=\"tadv-color\">5. BILANGUE ET EURO ALLEMAND AU COLL\u00c8GE JEAN PERRIN \u2026 ET APR\u00c8S<\/span><\/strong><\/span><\/h4>\n<p><span class=\"tadv-color\" style=\"color: #ff0000\">A la fin de la 5\u00e8me<\/span>, les \u00e9l\u00e8ves de la classe bilangue peuvent choisir l\u2019<span style=\"color: #ff0000\"><strong><span class=\"tadv-color\">option \u00ab\u00a0euro allemand<\/span><\/strong>\u00a0\u00bb<\/span>. L\u2019euro allemand, qu\u2019est-ce que c\u2019est\u00a0? C\u2019est <span style=\"color: #ff0000\"><strong><span class=\"tadv-color\">une heure de SVT en plus, enseign\u00e9e en allemand<\/span><\/strong>, <span class=\"tadv-color\">en 4<sup>\u00e8me<\/sup> et en 3<sup>\u00e8me<\/sup><\/span><\/span>.<\/p>\n<p>Les \u00e9l\u00e8ves des classes bilangues ont \u00e9galement la possibilit\u00e9 de <span class=\"tadv-color\" style=\"color: #ff0000\">participer \u00e0 un \u00e9change<\/span>. Avant la crise sanitaire, deux \u00e9changes \u00e9taient organis\u00e9s\u00a0: l\u2019un en 5\u00e8me avec notre \u00e9tablissement partenaire de Bonn, l\u2019autre en 4\u00e8me avec notre \u00e9tablissement partenaire de Francfort \/ Main.<\/p>\n<p>Pour la poursuite de leur scolarit\u00e9 apr\u00e8s le coll\u00e8ge, les \u00e9l\u00e8ves peuvent valoriser cet apprentissage de la langue allemande en faisant le choix, <span class=\"tadv-color\" style=\"color: #ff0000\">au Lyc\u00e9e Jean Perrin, de l\u2019option euro allemand ou de l\u2019Abibac<\/span> (pr\u00e9paration des baccalaur\u00e9ats fran\u00e7ais et allemand)\u00a0.<\/p>\n<p><span class=\"tadv-color\" style=\"color: #ff0000\"> Du coll\u00e8ge au lyc\u00e9e, c\u2019est donc un parcours coh\u00e9rent qui est propos\u00e9 aux \u00e9l\u00e8ves germanistes.<\/span><\/p>\n\n\n\n<p>A bient\u00f4t, au Coll\u00e8ge Jean Perrin&nbsp;!<\/p>\n\n\n\n<p class=\"has-text-align-center\"><\/p>\n\n\n\n<p><strong><span style=\"color:#fcb900\" class=\"tadv-color\">Et pour en savoir plus&nbsp;:<\/span><\/strong><\/p>\n\n\n\n<ul class=\"wp-block-list\">\n<li>10 bonnes raisons d\u2019apprendre l\u2019allemand :   <a href=\"https:\/\/www.goethe.de\/ins\/fr\/fr\/spr\/wdl.html\">https:\/\/www.goethe.de\/ins\/fr\/fr\/spr\/wdl.html<\/a><\/li>\n\n\n\n<li>le site de l\u2019OFAJ (Office Franco-Allemand pour la Jeunesse) :  <a href=\"http:\/\/www.ofaj.org\">http:\/\/www.ofaj.org<\/a><\/li>\n\n\n\n<li>le site de l\u2019universit\u00e9 franco-allemande&nbsp;:     <a href=\"https:\/\/www.dfh-ufa.org\/fr\/\">https:\/\/www.dfh-ufa.org\/fr\/<\/a><\/li>\n\n\n\n<li>d\u00e9couvrez la diversit\u00e9 de l\u2019Allemagne sur le site de l\u2019office national allemand du tourisme&nbsp;:  <a rel=\"noreferrer noopener\" href=\"https:\/\/www.germany.travel\/fr\/home.html\" target=\"_blank\">https:\/\/www.germany.travel\/fr\/home.html<\/a><\/li>\n<\/ul>\n\n\n<figure class=\"wp-block-embed is-type-video is-provider-youtube wp-block-embed-youtube\"><div class=\"tac_www_youtube_com\" data-content=\"PGRpdiBjbGFzcz0id3AtYmxvY2stZW1iZWRfX3dyYXBwZXIiPjxpZnJhbWUgdGl0bGU9IjEgLSBDb21tZW50IGplIHN1aXMgZGV2ZW51IGJpbGluZ3VlLiIgd2lkdGg9IjkxMCIgaGVpZ2h0PSI1MTIiIHNyYz0iaHR0cHM6Ly93d3cueW91dHViZS5jb20vZW1iZWQvX29DYTFGbHFEZjg\/ZmVhdHVyZT1vZW1iZWQiIGZyYW1lYm9yZGVyPSIwIiBhbGxvdz0iYWNjZWxlcm9tZXRlcjsgYXV0b3BsYXk7IGNsaXBib2FyZC13cml0ZTsgZW5jcnlwdGVkLW1lZGlhOyBneXJvc2NvcGU7IHBpY3R1cmUtaW4tcGljdHVyZTsgd2ViLXNoYXJlIiBhbGxvd2Z1bGxzY3JlZW49IiI+PC9pZnJhbWU+PC9kaXY+\"><\/div><script type=\"text\/javascript\">createGenericTACService('www_youtube_com', 'www.youtube.com', null);<\/script><\/figure>\n\n<figure class=\"wp-block-embed is-type-video is-provider-youtube wp-block-embed-youtube\"><div class=\"tac_www_youtube_com\" data-content=\"PGRpdiBjbGFzcz0id3AtYmxvY2stZW1iZWRfX3dyYXBwZXIiPjxpZnJhbWUgdGl0bGU9IjIgLSBDb21tZW50IGplIG1lIHN1aXMganVzdGUgc2VudGllIGJpZW4uIiB3aWR0aD0iOTEwIiBoZWlnaHQ9IjUxMiIgc3JjPSJodHRwczovL3d3dy55b3V0dWJlLmNvbS9lbWJlZC9Nck1WdnVUSDZ5az9mZWF0dXJlPW9lbWJlZCIgZnJhbWVib3JkZXI9IjAiIGFsbG93PSJhY2NlbGVyb21ldGVyOyBhdXRvcGxheTsgY2xpcGJvYXJkLXdyaXRlOyBlbmNyeXB0ZWQtbWVkaWE7IGd5cm9zY29wZTsgcGljdHVyZS1pbi1waWN0dXJlOyB3ZWItc2hhcmUiIGFsbG93ZnVsbHNjcmVlbj0iIj48L2lmcmFtZT48L2Rpdj4=\"><\/div><script type=\"text\/javascript\">createGenericTACService('www_youtube_com', 'www.youtube.com', null);<\/script><\/figure>\n\n\n<p><\/p>\n","protected":false},"excerpt":{"rendered":"<p>Aux parents d&rsquo;\u00e9l\u00e8ves de CM2, futurs \u00e9l\u00e8ves de 6\u00e8me A la fin de l\u2019ann\u00e9e scolaire, vous et votre enfant pourrez choisir une 2\u00e8me langue vivante d\u00e8s l\u2019entr\u00e9e en sixi\u00e8me au Coll\u00e8ge Jean Perrin en optant pour la 6\u00e8me bilangue anglais-allemand, quelle que soit la langue d\u00e9couverte \u00e0 l\u2019\u00e9cole \u00e9l\u00e9mentaire. C&rsquo;est<\/p>\n","protected":false},"author":60779,"featured_media":0,"comment_status":"closed","ping_status":"closed","sticky":false,"template":"","format":"standard","meta":{"footnotes":""},"categories":[10,11,2,7],"tags":[33,36,38,37],"class_list":["post-1288","post","type-post","status-publish","format-standard","hentry","category-allemand","category-anglais","category-enseignements","category-les-langues","tag-allemand","tag-bilangue","tag-enseignements","tag-langues","comments-off"],"_links":{"self":[{"href":"https:\/\/collegejeanperrin.blogs.laclasse.com\/index.php?rest_route=\/wp\/v2\/posts\/1288","targetHints":{"allow":["GET"]}}],"collection":[{"href":"https:\/\/collegejeanperrin.blogs.laclasse.com\/index.php?rest_route=\/wp\/v2\/posts"}],"about":[{"href":"https:\/\/collegejeanperrin.blogs.laclasse.com\/index.php?rest_route=\/wp\/v2\/types\/post"}],"author":[{"embeddable":true,"href":"https:\/\/collegejeanperrin.blogs.laclasse.com\/index.php?rest_route=\/wp\/v2\/users\/60779"}],"replies":[{"embeddable":true,"href":"https:\/\/collegejeanperrin.blogs.laclasse.com\/index.php?rest_route=%2Fwp%2Fv2%2Fcomments&post=1288"}],"version-history":[{"count":5,"href":"https:\/\/collegejeanperrin.blogs.laclasse.com\/index.php?rest_route=\/wp\/v2\/posts\/1288\/revisions"}],"predecessor-version":[{"id":3967,"href":"https:\/\/collegejeanperrin.blogs.laclasse.com\/index.php?rest_route=\/wp\/v2\/posts\/1288\/revisions\/3967"}],"wp:attachment":[{"href":"https:\/\/collegejeanperrin.blogs.laclasse.com\/index.php?rest_route=%2Fwp%2Fv2%2Fmedia&parent=1288"}],"wp:term":[{"taxonomy":"category","embeddable":true,"href":"https:\/\/collegejeanperrin.blogs.laclasse.com\/index.php?rest_route=%2Fwp%2Fv2%2Fcategories&post=1288"},{"taxonomy":"post_tag","embeddable":true,"href":"https:\/\/collegejeanperrin.blogs.laclasse.com\/index.php?rest_route=%2Fwp%2Fv2%2Ftags&post=1288"}],"curies":[{"name":"wp","href":"https:\/\/api.w.org\/{rel}","templated":true}]}}